{"id":3079,"date":"2019-12-12T11:09:39","date_gmt":"2019-12-12T10:09:39","guid":{"rendered":"https:\/\/www.checkyeti.com\/blog\/?p=3079"},"modified":"2021-07-29T17:34:24","modified_gmt":"2021-07-29T15:34:24","slug":"5-cose-da-fare-val-gardena","status":"publish","type":"post","link":"https:\/\/www.checkyeti.com\/blog\/it\/5-cose-da-fare-val-gardena","title":{"rendered":"Le 5 cose che si devono assolutamente fare in Val Gardena"},"content":{"rendered":"<p>La Val Gardena \u00e8 senza dubbio un posto incantato, ricco di storia, cultura e tradizione. <!--more-->Questa valle nel <strong>cuore dell\u2019Alto Adige<\/strong>, in Provincia di Bolzano, \u00e8 speciale per le lingue, ben tre, parlate dalla popolazione locale: il ladino, la lingua tradizionale di questa zona, l\u2019italiano e il tedesco.<\/p>\n<p>La zona della Val Gardena, soprattutto Selva Val Gardena, \u00e8 molto <strong>apprezzata dagli sciatori<\/strong> che nella valle trovano qualunque tipo impianto e attrazione sportiva. Non a caso sulla pista Saslong si svolge la prima tappa italiana della <strong>Coppa del Mondo<\/strong> di sci alpino.<\/p>\n<p>Di seguito il team di checkyeti ha elencato 5 attivit\u00e0 che dovete assolutamente fare una volta nella vita in Val Gardena:<\/p>\n<ul>\n<li style=\"list-style-type: none;\">\n<ul>\n<li><a href=\"#saslong\">Provare la pista Saslong: la pista della Coppa del mondo<\/a><\/li>\n<li><a href=\"#sciare\">Imparare a sciare: come i campioni altoatesini<\/a><\/li>\n<li><a href=\"#sellaronda\">Il circuito Sellaronda: una gita giornaliera sugli sci<\/a><\/li>\n<li><a href=\"#unesco\">Parco Naturale Sciliar-Catinaccio: patrimonio dell\u2019UNESCO<\/a><\/li>\n<li><a href=\"#sculture\">Ammirare le sculture di legno: premiate in tutto il mondo<\/a><\/li>\n<\/ul>\n<h2 id=\"saslong\">Provare la pista Saslong: la pista della Coppa del mondo<\/h2>\n<figure id=\"attachment_6099\" aria-describedby=\"caption-attachment-6099\" style=\"width: 2000px\" class=\"wp-caption aligncenter\"><img loading=\"lazy\" decoding=\"async\" class=\"size-full wp-image-6099\" src=\"https:\/\/blog-cdn.checkyeti.com\/wp-content\/uploads\/2018\/12\/Val-Gardena_Saslong.jpg\" alt=\"Un sciatore piega la famosa discesa Saslong in Val Gardena. \" width=\"2000\" height=\"1200\" srcset=\"https:\/\/blog-cdn.checkyeti.com\/wp-content\/uploads\/2018\/12\/Val-Gardena_Saslong.jpg 2000w, https:\/\/blog-cdn.checkyeti.com\/wp-content\/uploads\/2018\/12\/Val-Gardena_Saslong-300x180.jpg 300w, https:\/\/blog-cdn.checkyeti.com\/wp-content\/uploads\/2018\/12\/Val-Gardena_Saslong-768x460.jpg 768w, https:\/\/blog-cdn.checkyeti.com\/wp-content\/uploads\/2018\/12\/Val-Gardena_Saslong-1024x615.jpg 1024w, https:\/\/blog-cdn.checkyeti.com\/wp-content\/uploads\/2018\/12\/Val-Gardena_Saslong-1600x960.jpg 1600w, https:\/\/blog-cdn.checkyeti.com\/wp-content\/uploads\/2018\/12\/Val-Gardena_Saslong-1366x820.jpg 1366w\" sizes=\"(max-width: 767px) 89vw, (max-width: 1000px) 54vw, (max-width: 1071px) 543px, 580px\" \/><figcaption id=\"caption-attachment-6099\" class=\"wp-caption-text\">L\u2019elite dello sci alpino compete alla Coppa del Mondo sulla pista da sci Saslong \u00a9 wisthaler<\/figcaption><\/figure>\n<p>La pista Saslong \u00e8 meglio conosciuta come la <strong>pista di Coppa del Mondo di sci maschile FIS<\/strong>. Si parte dalla stazione a monte della funivia Ciampinoi e si scende a valle fino al paese di S. Cristina in Val Gardena. Il battesimo del fuoco della pista ha avuto luogo durante la gara di Coppa del Mondo del 1969, da allora la Saslong \u00e8 stata parte integrante della Coppa del Mondo di sci. La particolarit\u00e0 della Saslong \u00e8 l&#8217;alto grado di difficolt\u00e0 della pista. Se si vuole vincere qui, si deve svolgere una<strong> gara tecnicamente perfetta<\/strong>.<\/p>\n<p>La Saslong \u00e8 una pista veloce con ben 17 salti da padroneggiare. Il tratto pi\u00f9 ripido, chiamato Spinel, si trova proprio all&#8217;inizio della pista e ha una pendenza di quasi il 57%. Il primo grande salto attende gli sciatori al Saut dl Moro, noto anche come il salto Moro. Probabilmente la parte pi\u00f9 famosa del percorso si trova nel bel mezzo della discesa ed \u00e8 rappresentata dalle cosiddette gobbe di cammello. Anche qui i professionisti dello sci devono fare salti impressionanti. Alla fine della pista, il ripido pendio d&#8217;arrivo \u00e8 l&#8217;ultima sfida da superare.<\/p>\n<p>Se siete ancora principianti e non ve la sentite di affrontare questa discesa, la scelta pi\u00f9 saggia \u00e8 quella di togliervi per qualche ora gli sci dai piedi e <strong>andare a vedere<\/strong> la vera e propria <strong>discesa della Coppa del Mondo<\/strong>. Quest&#8217;anno \u00e8 possibile assistere alle gare nelle giornate di venerd\u00ec 20 e sabato 21 Dicembre, con partenza per entrambe alle 11:45. Questo potrebbe essere il giusto compromesso tra il provarla voi stessi e evitarla in toto.<\/p>\n<p>Se poi vedere questi campioni internazionali vi stimoler\u00e0 a migliorare la vostra tecnica sciistica, potrete tornare una seconda volta in Val Gardena e finalmente provare le emozioni di queste pista.<\/p>\n<h2 id=\"sciare\">Imparare a sciare: come i campioni altoatesini<\/h2>\n<figure id=\"attachment_6100\" aria-describedby=\"caption-attachment-6100\" style=\"width: 2000px\" class=\"wp-caption aligncenter\"><img loading=\"lazy\" decoding=\"async\" class=\"size-full wp-image-6100\" src=\"https:\/\/blog-cdn.checkyeti.com\/wp-content\/uploads\/2018\/12\/Val-Gardena_Impara-a-sciare.jpg\" alt=\"Adulti e bambini godono il panorama sulle piste in Val Gardena.\" width=\"2000\" height=\"1200\" srcset=\"https:\/\/blog-cdn.checkyeti.com\/wp-content\/uploads\/2018\/12\/Val-Gardena_Impara-a-sciare.jpg 2000w, https:\/\/blog-cdn.checkyeti.com\/wp-content\/uploads\/2018\/12\/Val-Gardena_Impara-a-sciare-300x180.jpg 300w, https:\/\/blog-cdn.checkyeti.com\/wp-content\/uploads\/2018\/12\/Val-Gardena_Impara-a-sciare-768x460.jpg 768w, https:\/\/blog-cdn.checkyeti.com\/wp-content\/uploads\/2018\/12\/Val-Gardena_Impara-a-sciare-1024x615.jpg 1024w, https:\/\/blog-cdn.checkyeti.com\/wp-content\/uploads\/2018\/12\/Val-Gardena_Impara-a-sciare-1600x960.jpg 1600w, https:\/\/blog-cdn.checkyeti.com\/wp-content\/uploads\/2018\/12\/Val-Gardena_Impara-a-sciare-1366x820.jpg 1366w\" sizes=\"(max-width: 767px) 89vw, (max-width: 1000px) 54vw, (max-width: 1071px) 543px, 580px\" \/><figcaption id=\"caption-attachment-6100\" class=\"wp-caption-text\">Sulle piste in Val Gardena i condizioni per imparare a sciare sono ottimali \u00a9 2015 Seiser Alm Marketing<\/figcaption><\/figure>\n<p>Gli atleti altoatesini sono noti per essere molto portati per gli sport invernali. Tantissimi sciatori di successo italiani vengono da questa regione. <strong>Isolde Kostner<\/strong>, la famosa sciatrice che nella sua carriera ha collezionato 51 podi alla Coppa del Mondo di Sci e 3 ori ai mondiali, uno dei quali ottenuto nei mondiali juniores, ha imparato a sciare ed \u00e8 diventata una campionessa proprio in Val Gardena.<\/p>\n<p>Se desiderate imparare a sciare, la Val Gardena sapr\u00e0 darvi tutto ci\u00f2 che cercate. Per i bambini, infatti le piste della Val Gardena si tingono di mille colori grazie a sfavillanti e divertenti <strong>Kinderland e le mascotte<\/strong> tengono alto il morale dei piccoli atleti. Per gli adulti, invece, corsi privati per essere seguiti in maniera individuale sono un\u2019ottima scelta soprattutto perch\u00e8 sono prenotabili anche in piccoli gruppi.<\/p>\n<p>Ci\u00f2 che rende speciale sciare in Val Gardena \u00e8 senza dubbio il panorama che scorre davanti a voi mentre scendete velocemente le piste di questa regione. Da quasi tutte le piste della valle \u00e8 possibile ammirare il Sassolungo e da molte sono visibili i parchi naturali delle Dolomiti,patrimonio dell\u2019UNESCO.<\/p>\n<p><strong>Consiglio checkyeti:<\/strong> La possibilit\u00e0 di prenotare in piccoli gruppi lezioni private offre il giusto compromesso tra lezione di gruppo e privata. Se i vostri amici hanno lo stesso vostro livello allora potrete approfittare di lezioni individualizzate con prezzi pi\u00f9 bassi rispetto a lezioni esclusive.<\/p>\n<p><a title=\" Prenota ora un corso di sci in Val Gardena\" href=\"https:\/\/www.checkyeti.com\/it\/winter\/italia\/val-gardena\/scuole-di-sci-maestri-di-sci\">Per avere maggiori informazioni sui corsi di sci in Val Gardena &gt;<\/a><\/p>\n<h2 id=\"sellaronda\">Il circuito Sellaronda: una gita giornaliera sugli sci<\/h2>\n<figure id=\"attachment_6101\" aria-describedby=\"caption-attachment-6101\" style=\"width: 2000px\" class=\"wp-caption aligncenter\"><img loading=\"lazy\" decoding=\"async\" class=\"size-full wp-image-6101\" src=\"https:\/\/blog-cdn.checkyeti.com\/wp-content\/uploads\/2018\/12\/Val-Gardena_Sellaronda.jpg\" alt=\"Panorama di cime coperte di neve nei dolomiti.\" width=\"2000\" height=\"1200\" srcset=\"https:\/\/blog-cdn.checkyeti.com\/wp-content\/uploads\/2018\/12\/Val-Gardena_Sellaronda.jpg 2000w, https:\/\/blog-cdn.checkyeti.com\/wp-content\/uploads\/2018\/12\/Val-Gardena_Sellaronda-300x180.jpg 300w, https:\/\/blog-cdn.checkyeti.com\/wp-content\/uploads\/2018\/12\/Val-Gardena_Sellaronda-768x460.jpg 768w, https:\/\/blog-cdn.checkyeti.com\/wp-content\/uploads\/2018\/12\/Val-Gardena_Sellaronda-1024x615.jpg 1024w, https:\/\/blog-cdn.checkyeti.com\/wp-content\/uploads\/2018\/12\/Val-Gardena_Sellaronda-1600x960.jpg 1600w, https:\/\/blog-cdn.checkyeti.com\/wp-content\/uploads\/2018\/12\/Val-Gardena_Sellaronda-1366x820.jpg 1366w\" sizes=\"(max-width: 767px) 89vw, (max-width: 1000px) 54vw, (max-width: 1071px) 543px, 580px\" \/><figcaption id=\"caption-attachment-6101\" class=\"wp-caption-text\">Sul circuito Sellaronda si pu\u00f2 godere la vista su tantissime cime delle dolomiti<\/figcaption><\/figure>\n<p>Se siete appassionati di sci e sciare per un\u2019intera giornata non vi spaventa, allora rimarrete sicuramente affascinati da questo percorso. Il circuito dei <strong>quattro passi<\/strong>, soprannominato Sellaronda vi permetter\u00e0 di immergervi completamente in paesaggi montani dal fascino magico di una volta. Il circuito Sellaronda, che come il nome suggerisce, <strong>compie un giro attorno al massiccio di Sella<\/strong>, dura circa 6 ore se considerate una pausa pranzo in un bel maso dove potersi riscaldare e recuperare le forze. Un punto culminante di questo <strong>circuito sciistico lungo 40 km (26 km di piste)<\/strong> \u00e8 soprattutto il panorama montano unico e caratteristico delle Dolomiti, costituito da pareti rocciose e ripide.<\/p>\n<p>La particolarit\u00e0 di questo tour sciistico \u00e8 che si pu\u00f2 partire da quattro diverse stazioni sciistiche (Gr\u00f6den, Corvara, Arabba e Canazei). Anche se bastano solo 3 ore per percorrere l&#8217;intero percorso, si consiglia di pianificare circa 6 ore per il Sellaronda, comprese le corse in ascensore e una piacevole pausa pranzo. Inoltre, si dovrebbe essere sicuri di non iniziare troppo tardi la mattina, dato che gli <strong>impianti chiudono gi\u00e0 alle 15:30<\/strong>.<\/p>\n<p>Per compiere questa avventura vi baster\u00e0 l\u2019attrezzatura da sci, munirvi del giusto skipass, quello adeguato per compiere questo giro si chiama Dolomiti Superski, avere una tabella di marcia in mente e seguirla rigorosamente mentre fate il percorso e molta buona volont\u00e0.<\/p>\n<h2 id=\"unesco\">Parco Naturale Sciliar-Catinaccio: patrimonio dell\u2019UNESCO<\/h2>\n<figure id=\"attachment_6102\" aria-describedby=\"caption-attachment-6102\" style=\"width: 2000px\" class=\"wp-caption aligncenter\"><img loading=\"lazy\" decoding=\"async\" class=\"size-full wp-image-6102\" src=\"https:\/\/blog-cdn.checkyeti.com\/wp-content\/uploads\/2018\/12\/Val-Gardena_Catinaccio.jpg\" alt=\"Vista sul Catinaccio scolorito in rosa al crepuscolo in Alto Adige.\" width=\"2000\" height=\"1200\" srcset=\"https:\/\/blog-cdn.checkyeti.com\/wp-content\/uploads\/2018\/12\/Val-Gardena_Catinaccio.jpg 2000w, https:\/\/blog-cdn.checkyeti.com\/wp-content\/uploads\/2018\/12\/Val-Gardena_Catinaccio-300x180.jpg 300w, https:\/\/blog-cdn.checkyeti.com\/wp-content\/uploads\/2018\/12\/Val-Gardena_Catinaccio-768x460.jpg 768w, https:\/\/blog-cdn.checkyeti.com\/wp-content\/uploads\/2018\/12\/Val-Gardena_Catinaccio-1024x615.jpg 1024w, https:\/\/blog-cdn.checkyeti.com\/wp-content\/uploads\/2018\/12\/Val-Gardena_Catinaccio-1600x960.jpg 1600w, https:\/\/blog-cdn.checkyeti.com\/wp-content\/uploads\/2018\/12\/Val-Gardena_Catinaccio-1366x820.jpg 1366w\" sizes=\"(max-width: 767px) 89vw, (max-width: 1000px) 54vw, (max-width: 1071px) 543px, 580px\" \/><figcaption id=\"caption-attachment-6102\" class=\"wp-caption-text\">Panorama del Catinaccio durante il tramonto del sole in Alto Adige<\/figcaption><\/figure>\n<p>Dopo avere sciato un\u2019intera giornata \u00e8 possibile che il giorno dopo vogliate riposarvi un po\u2019 o fare un\u2019attivit\u00e0 diversa. Un\u2019escursione di mezza giornata al parco <strong>Naturale Sciliar-Catinaccio<\/strong> \u00e8 un\u2019esperienza unica assolutamente imperdibile quando si \u00e8 cos\u00ec vicini a questo parco, <strong>patrimonio dell\u2019UNESCO<\/strong>.<br \/>\nSe nella vostra vita siete stati a Bolzano almeno una volta, forse vi \u00e8 capitato di notare che una montagna, poco prima del tramonto,<strong> si tinge di rosso<\/strong>. Il Parco Schlern-Rosengarten si trova proprio sul massiccio in questione.<\/p>\n<p>La montagna che si chiama Catinaccio, Rosengarten in tedesco, offre uno spettacolo mozzafiato con le sue affascinanti sfumature di rosso. Questo fenomeno naturale chiamato enrosadira, affascina la popolazione altoatesina da tantissimi anni a tal punto da avere ispirato la <strong>leggenda del re Laurino<\/strong>. Pi\u00f9 che di leggenda in realt\u00e0 si dovrebbe parlare di leggende perch\u00e8, nonostante re Laurino, il re dei nani, sia sempre il protagonista, le versioni della leggenda sono molteplici. In queste storie mitologiche si cerca di dare una motivazione al colore inusuale che assume la montagna al tramonto.<\/li>\n<li style=\"list-style-type: none;\">Una delle versioni pi\u00f9 note riferisce che re Laurino si <strong>innamor\u00f2<\/strong> della figlia del re Similde e la <strong>rap\u00ec<\/strong> nel roseto, provocando una lotta tra lui e il fidanzato Simildes. Laurino resosi invisibile grazie a un berretto magico, viene tuttavia riconosciuto a causa del movimento delle rose. Simildes riesce cos\u00ec a liberare la figlia del re da Laurino. Quest ultimo, furente di rabbia lanci\u00f2 una <strong>maledizione<\/strong> sulla catena montuosa per nascondere il roseto \u201cdi giorno e &#8230; di notte\u201d. Preso dalla fretta il re dei nani si dimentic\u00f2 di menzionare il tramonto, ed \u00e8 per questo che la catena montuosa assume il suo tipico colore al calare del sole.Fare una visita a questo parco sar\u00e0 molto interessante, potrete inoltre conoscere pi\u00f9 dettagli sul re Laurino e decidere quale \u00e8 la versione della leggenda che voi preferite.<br \/>\n<h2 id=\"sculture\">Ammirare le sculture di legno: premiate in tutto il mondo<\/h2>\n<figure id=\"attachment_6103\" aria-describedby=\"caption-attachment-6103\" style=\"width: 2000px\" class=\"wp-caption aligncenter\"><img loading=\"lazy\" decoding=\"async\" class=\"size-full wp-image-6103\" src=\"https:\/\/blog-cdn.checkyeti.com\/wp-content\/uploads\/2018\/12\/Val-Gardena_scultur.jpg\" alt=\" Un\u2019opera d\u2019arte in Val Gardena in Alto Adige.\" width=\"2000\" height=\"1200\" srcset=\"https:\/\/blog-cdn.checkyeti.com\/wp-content\/uploads\/2018\/12\/Val-Gardena_scultur.jpg 2000w, https:\/\/blog-cdn.checkyeti.com\/wp-content\/uploads\/2018\/12\/Val-Gardena_scultur-300x180.jpg 300w, https:\/\/blog-cdn.checkyeti.com\/wp-content\/uploads\/2018\/12\/Val-Gardena_scultur-768x460.jpg 768w, https:\/\/blog-cdn.checkyeti.com\/wp-content\/uploads\/2018\/12\/Val-Gardena_scultur-1024x615.jpg 1024w, https:\/\/blog-cdn.checkyeti.com\/wp-content\/uploads\/2018\/12\/Val-Gardena_scultur-1600x960.jpg 1600w, https:\/\/blog-cdn.checkyeti.com\/wp-content\/uploads\/2018\/12\/Val-Gardena_scultur-1366x820.jpg 1366w\" sizes=\"(max-width: 767px) 89vw, (max-width: 1000px) 54vw, (max-width: 1071px) 543px, 580px\" \/><figcaption id=\"caption-attachment-6103\" class=\"wp-caption-text\">L&#8217;intaglio di sculture in Val Gardena ha una tradizione secolare \u00a9 IDM Su\u0308dtirol \/ Stefano Scata\u0300<\/figcaption><\/figure>\n<p>Tra una pista e un\u2019altra per riprendere il fiato o semplicemente per fare un\u2019attivit\u00e0 un po\u2019 diversa, dovreste visitare le <strong>botteghe artigianali degli intagliatori gardenensi<\/strong>. Gli scultori della Val Gardena mandano avanti una tradizione secolare che li ha portati a essere famosi in tutto il mondo.<\/p>\n<p>L&#8217;arte dell&#8217;intaglio del legno in Val Gardena ha avuto origine nel XVII secolo ed era originariamente un tentativo di superare il grande bisogno che allora prevaleva con la vendita di opere d&#8217;arte autoprodotte in legno. Ben presto furono prodotti soprattutto oggetti d&#8217;arte sacra, come crocifissi, presepi e figure di santi, che sono ancora oggi popolari in tutta Italia. Per preservare la tradizione dell&#8217;intaglio del legno e per poterla tramandare di generazione in generazione, in Val Gardena \u00e8 stata fondata la scuola professionale regionale per le arti e l&#8217;artigianato.<\/p>\n<p><strong>Consiglio CeckYeti:<\/strong> Nel periodo del natale e dell\u2019avvento vi capiter\u00e0, girovagando per i paesini della Val Gardena di vedere meravigliosi presepi di legno, il presepio \u00e8 uno dei soggetti fondamentali per un artista del legno gadenese.<\/p>\n<p>&nbsp;<\/p>\n\n<p>&nbsp;<\/li>\n<\/ul>\n","protected":false},"excerpt":{"rendered":"<p>La Val Gardena \u00e8 senza dubbio un posto incantato, ricco di storia, cultura e tradizione.<\/p>\n","protected":false},"author":5,"featured_media":11819,"comment_status":"closed","ping_status":"open","sticky":false,"template":"","format":"standard","meta":{"_acf_changed":false,"_generate-full-width-content":"","footnotes":""},"categories":[214],"tags":[193,350,212],"coauthors":[261],"acf":[],"yoast_head":"<!-- This site is optimized with the Yoast SEO plugin v16.6.1 - https:\/\/yoast.com\/wordpress\/plugins\/seo\/ -->\n<title>Le 5 cose che si devono assolutamente fare in Val Gardena<\/title>\n<meta name=\"description\" content=\"Ti presentiamo le 5 cose che devi assolutamente fare in Val Gardena. Provi la pista Saslong, superi la Sellaronda e scopri il gruppo del Catinaccio.\" \/>\n<meta name=\"robots\" content=\"index, follow, max-snippet:-1, max-image-preview:large, max-video-preview:-1\" \/>\n<link rel=\"canonical\" href=\"https:\/\/www.checkyeti.com\/blog\/it\/5-cose-da-fare-val-gardena\" \/>\n<meta property=\"og:locale\" content=\"en_US\" \/>\n<meta property=\"og:type\" content=\"article\" \/>\n<meta property=\"og:title\" content=\"Le 5 cose che si devono assolutamente fare in Val Gardena\" \/>\n<meta property=\"og:description\" content=\"Ti presentiamo le 5 cose che devi assolutamente fare in Val Gardena. Provi la pista Saslong, superi la Sellaronda e scopri il gruppo del Catinaccio.\" \/>\n<meta property=\"og:url\" content=\"https:\/\/www.checkyeti.com\/blog\/it\/5-cose-da-fare-val-gardena\" \/>\n<meta property=\"og:site_name\" content=\"checkyeti Blog\" \/>\n<meta property=\"article:published_time\" content=\"2019-12-12T10:09:39+00:00\" \/>\n<meta property=\"article:modified_time\" content=\"2021-07-29T15:34:24+00:00\" \/>\n<meta property=\"og:image\" content=\"https:\/\/blog-cdn.checkyeti.com\/wp-content\/uploads\/2018\/12\/Val-Gardena_Saslong1.jpg\" \/>\n\t<meta property=\"og:image:width\" content=\"2000\" \/>\n\t<meta property=\"og:image:height\" content=\"1200\" \/>\n<meta name=\"twitter:card\" content=\"summary_large_image\" \/>\n<meta name=\"twitter:label1\" content=\"Est. reading time\" \/>\n\t<meta name=\"twitter:data1\" content=\"8 minutes\" \/>\n<script type=\"application\/ld+json\" class=\"yoast-schema-graph\">{\"@context\":\"https:\/\/schema.org\",\"@graph\":[{\"@type\":\"WebSite\",\"@id\":\"https:\/\/www.checkyeti.com\/blog\/#website\",\"url\":\"https:\/\/www.checkyeti.com\/blog\/\",\"name\":\"checkyeti Blog\",\"description\":\"\",\"potentialAction\":[{\"@type\":\"SearchAction\",\"target\":{\"@type\":\"EntryPoint\",\"urlTemplate\":\"https:\/\/www.checkyeti.com\/blog\/?s={search_term_string}\"},\"query-input\":\"required name=search_term_string\"}],\"inLanguage\":\"en-US\"},{\"@type\":\"ImageObject\",\"@id\":\"https:\/\/www.checkyeti.com\/blog\/it\/5-cose-da-fare-val-gardena#primaryimage\",\"inLanguage\":\"en-US\",\"url\":\"https:\/\/blog-cdn.checkyeti.com\/wp-content\/uploads\/2018\/12\/Val-Gardena_Saslong1.jpg\",\"contentUrl\":\"https:\/\/blog-cdn.checkyeti.com\/wp-content\/uploads\/2018\/12\/Val-Gardena_Saslong1.jpg\",\"width\":2000,\"height\":1200,\"caption\":\"Un sciatore piega la famosa discesa Saslong in Val Gardena.\"},{\"@type\":\"WebPage\",\"@id\":\"https:\/\/www.checkyeti.com\/blog\/it\/5-cose-da-fare-val-gardena#webpage\",\"url\":\"https:\/\/www.checkyeti.com\/blog\/it\/5-cose-da-fare-val-gardena\",\"name\":\"Le 5 cose che si devono assolutamente fare in Val Gardena\",\"isPartOf\":{\"@id\":\"https:\/\/www.checkyeti.com\/blog\/#website\"},\"primaryImageOfPage\":{\"@id\":\"https:\/\/www.checkyeti.com\/blog\/it\/5-cose-da-fare-val-gardena#primaryimage\"},\"datePublished\":\"2019-12-12T10:09:39+00:00\",\"dateModified\":\"2021-07-29T15:34:24+00:00\",\"author\":{\"@id\":\"https:\/\/www.checkyeti.com\/blog\/#\/schema\/person\/42c0c483be0f61ccbaced645a747eb61\"},\"description\":\"Ti presentiamo le 5 cose che devi assolutamente fare in Val Gardena. Provi la pista Saslong, superi la Sellaronda e scopri il gruppo del Catinaccio.\",\"breadcrumb\":{\"@id\":\"https:\/\/www.checkyeti.com\/blog\/it\/5-cose-da-fare-val-gardena#breadcrumb\"},\"inLanguage\":\"en-US\",\"potentialAction\":[{\"@type\":\"ReadAction\",\"target\":[\"https:\/\/www.checkyeti.com\/blog\/it\/5-cose-da-fare-val-gardena\"]}]},{\"@type\":\"BreadcrumbList\",\"@id\":\"https:\/\/www.checkyeti.com\/blog\/it\/5-cose-da-fare-val-gardena#breadcrumb\",\"itemListElement\":[{\"@type\":\"ListItem\",\"position\":1,\"name\":\"Accueil\",\"item\":\"https:\/\/www.checkyeti.com\/blog\/nl\"},{\"@type\":\"ListItem\",\"position\":2,\"name\":\"Le 5 cose che si devono assolutamente fare in Val Gardena\"}]},{\"@type\":\"Person\",\"@id\":\"https:\/\/www.checkyeti.com\/blog\/#\/schema\/person\/42c0c483be0f61ccbaced645a747eb61\",\"name\":\"Elisa\",\"image\":{\"@type\":\"ImageObject\",\"@id\":\"https:\/\/www.checkyeti.com\/blog\/#personlogo\",\"inLanguage\":\"en-US\",\"url\":\"https:\/\/secure.gravatar.com\/avatar\/ac4192772b5fd8a9152bac5d4b8740d1?s=96&d=mm&r=g\",\"contentUrl\":\"https:\/\/secure.gravatar.com\/avatar\/ac4192772b5fd8a9152bac5d4b8740d1?s=96&d=mm&r=g\",\"caption\":\"Elisa\"},\"description\":\"Ich bin in S\\u00fcdtirol geboren und liebe die Berge und die Natur im Allgemeinen. Ob es nun 30 Grad oder -10 Grad sind, mein Motto lautet: \\\"In der Natur immer wieder neue Herausforderungen und neue Emotionen finden\\\".\",\"url\":\"https:\/\/www.checkyeti.com\/blog\/author\/elisa\"}]}<\/script>\n<!-- \/ Yoast SEO plugin. -->","lang":"it","translations":{"it":3079,"de":5274},"pll_sync_post":[],"_links":{"self":[{"href":"https:\/\/www.checkyeti.com\/blog\/wp-json\/wp\/v2\/posts\/3079"}],"collection":[{"href":"https:\/\/www.checkyeti.com\/blog\/wp-json\/wp\/v2\/posts"}],"about":[{"href":"https:\/\/www.checkyeti.com\/blog\/wp-json\/wp\/v2\/types\/post"}],"author":[{"embeddable":true,"href":"https:\/\/www.checkyeti.com\/blog\/wp-json\/wp\/v2\/users\/5"}],"replies":[{"embeddable":true,"href":"https:\/\/www.checkyeti.com\/blog\/wp-json\/wp\/v2\/comments?post=3079"}],"version-history":[{"count":15,"href":"https:\/\/www.checkyeti.com\/blog\/wp-json\/wp\/v2\/posts\/3079\/revisions"}],"predecessor-version":[{"id":13482,"href":"https:\/\/www.checkyeti.com\/blog\/wp-json\/wp\/v2\/posts\/3079\/revisions\/13482"}],"wp:featuredmedia":[{"embeddable":true,"href":"https:\/\/www.checkyeti.com\/blog\/wp-json\/wp\/v2\/media\/11819"}],"wp:attachment":[{"href":"https:\/\/www.checkyeti.com\/blog\/wp-json\/wp\/v2\/media?parent=3079"}],"wp:term":[{"taxonomy":"category","embeddable":true,"href":"https:\/\/www.checkyeti.com\/blog\/wp-json\/wp\/v2\/categories?post=3079"},{"taxonomy":"post_tag","embeddable":true,"href":"https:\/\/www.checkyeti.com\/blog\/wp-json\/wp\/v2\/tags?post=3079"},{"taxonomy":"author","embeddable":true,"href":"https:\/\/www.checkyeti.com\/blog\/wp-json\/wp\/v2\/coauthors?post=3079"}],"curies":[{"name":"wp","href":"https:\/\/api.w.org\/{rel}","templated":true}]}}